{"id":539,"date":"2022-06-05T11:58:36","date_gmt":"2022-06-05T09:58:36","guid":{"rendered":"https:\/\/wnv.nen-info.de\/?p=539"},"modified":"2022-06-27T21:28:58","modified_gmt":"2022-06-27T19:28:58","slug":"der-aufbau-der-ersten-balkonkraftwerke-ist-angelaufen","status":"publish","type":"post","link":"https:\/\/wnv.nen-info.de\/index.php\/der-aufbau-der-ersten-balkonkraftwerke-ist-angelaufen\/2022\/06\/05\/539\/","title":{"rendered":"Der Aufbau der ersten Balkonkraftwerke ist angelaufen"},"content":{"rendered":"\n<p>Da herk\u00f6mmliche Balkonkraftwerke derzeit kaum lieferbar sind oder aber zu recht \u00fcppigen Preisen angeboten werden hat sich der WNV entschieden f\u00fcr alle Interessenten des &#8222;<a href=\"https:\/\/wnv.nen-info.de\/wpwnv\/wp-content\/uploads\/Foerderprogramm-Balkonkraftwerke.pdf\" target=\"_blank\" rel=\"noopener\">WNV-F\u00f6rderprogramm Balkonkraftwerke<\/a>&#8220; eine Sammelbestellung durchzuf\u00fchren. Wir haben nun gen\u00fcgend Einzelteile gekauft um die ersten Anlagen den Interessenten zur Verf\u00fcgung zu stellen. Das F\u00f6rderprogramm ist auf Grund der hohen Nachfrage leider ausgelaufen. Wir sind bem\u00fcht weiteren Interessenten einen g\u00fcnstigen Zugang zu Balkonkraftwerken zu verschaffen oder bieten Unterst\u00fctzung an.<\/p>\n<figure id=\"attachment_540\" aria-describedby=\"caption-attachment-540\" style=\"width: 1024px\" class=\"wp-caption aligncenter\"><img loading=\"lazy\" decoding=\"async\" class=\"wp-image-540 size-large\" src=\"https:\/\/wnv.nen-info.de\/wpwnv\/wp-content\/uploads\/20220604_01_Balkonkraftwerk_WNV-1024x768.jpg\" alt=\"Zusammenbau des ersten Balkonkraftwerks\" width=\"1024\" height=\"768\" srcset=\"https:\/\/wnv.nen-info.de\/wpwnv\/wp-content\/uploads\/20220604_01_Balkonkraftwerk_WNV-1024x768.jpg 1024w, https:\/\/wnv.nen-info.de\/wpwnv\/wp-content\/uploads\/20220604_01_Balkonkraftwerk_WNV-300x225.jpg 300w, https:\/\/wnv.nen-info.de\/wpwnv\/wp-content\/uploads\/20220604_01_Balkonkraftwerk_WNV-1536x1152.jpg 1536w, https:\/\/wnv.nen-info.de\/wpwnv\/wp-content\/uploads\/20220604_01_Balkonkraftwerk_WNV-175x131.jpg 175w, https:\/\/wnv.nen-info.de\/wpwnv\/wp-content\/uploads\/20220604_01_Balkonkraftwerk_WNV-667x500.jpg 667w, https:\/\/wnv.nen-info.de\/wpwnv\/wp-content\/uploads\/20220604_01_Balkonkraftwerk_WNV.jpg 1920w\" sizes=\"auto, (max-width: 1024px) 100vw, 1024px\" \/><figcaption id=\"caption-attachment-540\" class=\"wp-caption-text\">Zusammenbau des ersten Balkonkraftwerks aus Einzelteilbestellungen.<\/figcaption><\/figure>\n<p>&nbsp;<\/p>\n<figure id=\"attachment_542\" aria-describedby=\"caption-attachment-542\" style=\"width: 1024px\" class=\"wp-caption aligncenter\"><img loading=\"lazy\" decoding=\"async\" class=\"wp-image-542 size-large\" src=\"https:\/\/wnv.nen-info.de\/wpwnv\/wp-content\/uploads\/20220604_02_Balkonkraftwerk_WNV-1024x768.jpg\" alt=\"Ein Balkonkraftwerk in Betrieb\" width=\"1024\" height=\"768\" srcset=\"https:\/\/wnv.nen-info.de\/wpwnv\/wp-content\/uploads\/20220604_02_Balkonkraftwerk_WNV-1024x768.jpg 1024w, https:\/\/wnv.nen-info.de\/wpwnv\/wp-content\/uploads\/20220604_02_Balkonkraftwerk_WNV-300x225.jpg 300w, https:\/\/wnv.nen-info.de\/wpwnv\/wp-content\/uploads\/20220604_02_Balkonkraftwerk_WNV-1536x1152.jpg 1536w, https:\/\/wnv.nen-info.de\/wpwnv\/wp-content\/uploads\/20220604_02_Balkonkraftwerk_WNV-175x131.jpg 175w, https:\/\/wnv.nen-info.de\/wpwnv\/wp-content\/uploads\/20220604_02_Balkonkraftwerk_WNV-667x500.jpg 667w, https:\/\/wnv.nen-info.de\/wpwnv\/wp-content\/uploads\/20220604_02_Balkonkraftwerk_WNV.jpg 1920w\" sizes=\"auto, (max-width: 1024px) 100vw, 1024px\" \/><figcaption id=\"caption-attachment-542\" class=\"wp-caption-text\">Das erste Balkonkraftwerk nach der Inbetriebnahme. Es erzeugte auf Anhieb die Maximalleistung von etwa 600 W.<\/figcaption><\/figure>\n","protected":false},"excerpt":{"rendered":"<p>Da herk\u00f6mmliche Balkonkraftwerke derzeit kaum lieferbar sind oder aber zu recht \u00fcppigen Preisen angeboten werden hat sich der WNV entschieden f\u00fcr alle Interessenten des &#8222;WNV-F\u00f6rderprogramm Balkonkraftwerke&#8220; eine Sammelbestellung durchzuf\u00fchren. Wir <a href=\"https:\/\/wnv.nen-info.de\/index.php\/der-aufbau-der-ersten-balkonkraftwerke-ist-angelaufen\/2022\/06\/05\/539\/\" class=\"more-link\">[&#8230;]<\/a><\/p>\n","protected":false},"author":1,"featured_media":0,"comment_status":"closed","ping_status":"closed","sticky":false,"template":"","format":"standard","meta":{"Layout":"","footnotes":""},"categories":[14,13],"tags":[],"class_list":["entry","author-honiko","post-539","post","type-post","status-publish","format-standard","category-stecker-solar-geraete","category-stromproduktion"],"_links":{"self":[{"href":"https:\/\/wnv.nen-info.de\/index.php\/wp-json\/wp\/v2\/posts\/539","targetHints":{"allow":["GET"]}}],"collection":[{"href":"https:\/\/wnv.nen-info.de\/index.php\/wp-json\/wp\/v2\/posts"}],"about":[{"href":"https:\/\/wnv.nen-info.de\/index.php\/wp-json\/wp\/v2\/types\/post"}],"author":[{"embeddable":true,"href":"https:\/\/wnv.nen-info.de\/index.php\/wp-json\/wp\/v2\/users\/1"}],"replies":[{"embeddable":true,"href":"https:\/\/wnv.nen-info.de\/index.php\/wp-json\/wp\/v2\/comments?post=539"}],"version-history":[{"count":2,"href":"https:\/\/wnv.nen-info.de\/index.php\/wp-json\/wp\/v2\/posts\/539\/revisions"}],"predecessor-version":[{"id":1535,"href":"https:\/\/wnv.nen-info.de\/index.php\/wp-json\/wp\/v2\/posts\/539\/revisions\/1535"}],"wp:attachment":[{"href":"https:\/\/wnv.nen-info.de\/index.php\/wp-json\/wp\/v2\/media?parent=539"}],"wp:term":[{"taxonomy":"category","embeddable":true,"href":"https:\/\/wnv.nen-info.de\/index.php\/wp-json\/wp\/v2\/categories?post=539"},{"taxonomy":"post_tag","embeddable":true,"href":"https:\/\/wnv.nen-info.de\/index.php\/wp-json\/wp\/v2\/tags?post=539"}],"curies":[{"name":"wp","href":"https:\/\/api.w.org\/{rel}","templated":true}]}}