{"id":36366,"date":"2022-08-16T07:23:04","date_gmt":"2022-08-16T05:23:04","guid":{"rendered":"https:\/\/wnv.nen-info.de\/?p=36366"},"modified":"2022-09-24T15:34:09","modified_gmt":"2022-09-24T13:34:09","slug":"ready-2-plugin","status":"publish","type":"post","link":"https:\/\/wnv.nen-info.de\/index.php\/ready-2-plugin\/2022\/08\/16\/36366\/","title":{"rendered":"Ready 2 Plugin"},"content":{"rendered":"\n<p>Am 14. August 2022 hat der WNV auf dem Mechernicher Brunnenfest \u00fcber Steckersolarger\u00e4te \/ Balkonkraftwerke informiert.<\/p>\n<figure id=\"attachment_36365\" aria-describedby=\"caption-attachment-36365\" style=\"width: 1024px\" class=\"wp-caption aligncenter\"><img loading=\"lazy\" decoding=\"async\" class=\"wp-image-36365 size-large\" src=\"https:\/\/wnv.nen-info.de\/wpwnv\/wp-content\/uploads\/20220814_Brunnenfest_2022-1024x768.jpg\" alt=\"WNV - Stand Mechernicher Brunnenfest 2022\" width=\"1024\" height=\"768\" srcset=\"https:\/\/wnv.nen-info.de\/wpwnv\/wp-content\/uploads\/20220814_Brunnenfest_2022-1024x768.jpg 1024w, https:\/\/wnv.nen-info.de\/wpwnv\/wp-content\/uploads\/20220814_Brunnenfest_2022-300x225.jpg 300w, https:\/\/wnv.nen-info.de\/wpwnv\/wp-content\/uploads\/20220814_Brunnenfest_2022-1536x1152.jpg 1536w, https:\/\/wnv.nen-info.de\/wpwnv\/wp-content\/uploads\/20220814_Brunnenfest_2022-175x131.jpg 175w, https:\/\/wnv.nen-info.de\/wpwnv\/wp-content\/uploads\/20220814_Brunnenfest_2022-667x500.jpg 667w, https:\/\/wnv.nen-info.de\/wpwnv\/wp-content\/uploads\/20220814_Brunnenfest_2022.jpg 2016w\" sizes=\"auto, (max-width: 1024px) 100vw, 1024px\" \/><figcaption id=\"caption-attachment-36365\" class=\"wp-caption-text\">WNV &#8211; Stand Mechernicher Brunnenfest 2022<\/figcaption><\/figure>\n<p>Bei hei\u00dfen Temperaturen von \u00fcber 30 Grad interessierten sich viele Besucher f\u00fcr die recht einfache und vergleichsweise g\u00fcnstige Technik f\u00fcr die Produktion von Sonnenstrom f\u00fcr den Eigenverbrauch. Der WNV wollte zeigen mit wie wenig Mitteln viele Menschen einen kleinen Beitrag f\u00fcr friedliche, g\u00fcnstige und umweltvertr\u00e4gliche Energienutzung leisten k\u00f6nnen.<\/p>\n<figure id=\"attachment_36364\" aria-describedby=\"caption-attachment-36364\" style=\"width: 1024px\" class=\"wp-caption aligncenter\"><img loading=\"lazy\" decoding=\"async\" class=\"wp-image-36364 size-large\" src=\"https:\/\/wnv.nen-info.de\/wpwnv\/wp-content\/uploads\/20220814_Brunnenfest_2022_Leistung-1024x768.jpg\" alt=\"Live Einspeisung ins Stomnetz\" width=\"1024\" height=\"768\" srcset=\"https:\/\/wnv.nen-info.de\/wpwnv\/wp-content\/uploads\/20220814_Brunnenfest_2022_Leistung-1024x768.jpg 1024w, https:\/\/wnv.nen-info.de\/wpwnv\/wp-content\/uploads\/20220814_Brunnenfest_2022_Leistung-300x225.jpg 300w, https:\/\/wnv.nen-info.de\/wpwnv\/wp-content\/uploads\/20220814_Brunnenfest_2022_Leistung-1536x1152.jpg 1536w, https:\/\/wnv.nen-info.de\/wpwnv\/wp-content\/uploads\/20220814_Brunnenfest_2022_Leistung-175x131.jpg 175w, https:\/\/wnv.nen-info.de\/wpwnv\/wp-content\/uploads\/20220814_Brunnenfest_2022_Leistung-667x500.jpg 667w, https:\/\/wnv.nen-info.de\/wpwnv\/wp-content\/uploads\/20220814_Brunnenfest_2022_Leistung.jpg 2016w\" sizes=\"auto, (max-width: 1024px) 100vw, 1024px\" \/><figcaption id=\"caption-attachment-36364\" class=\"wp-caption-text\">Steckersolarger\u00e4t Brunnenfest 2022, Einspeisung ins Stomnetz<\/figcaption><\/figure>\n<p>Die gr\u00f6\u00dfte Herausforderung bei Steckersolarger\u00e4ten sind zu einem die (begr\u00fcndete) Ehrfurcht vor Strom und zum anderen die technischen Normen f\u00fcr einen sicheren Betrieb im eigenen Haushalt.<br>Vor dem aktuellen Hintergrund der internationalen Entwicklung der Energieknappheit, ausgel\u00f6st durch den Angriff Russlands auf die Ukraine, sind hier insbesondere die Entwicklungen im Bereich von erneuerbaren Energien interessant. Als begr\u00fc\u00dfenswerten Nebeneffekt erhalten die erneuerbaren Energien nun einen zweiten Schub, nachdem diese in j\u00fcngeren Jahren eher als hinderlich f\u00fcr den Umbau der zentralen fossilen Energieversorgung dargestellt wurden. Hier sind die haupts\u00e4chlich interessengeleiteten Diskussionen endlos und daher ist es umso besser wenn Elfriede-Normalverbraucherin sich durch Eigeninitiative ein wenig unabh\u00e4ngiger machen kann.<br>Wir zeigen mit unseren <a href=\"https:\/\/wnv.nen-info.de\/index.php\/die-ersten-balkonkraftwerke-sind-in-betrieb-gegangen\/2022\/06\/26\/546\/\" target=\"_blank\" rel=\"noopener\">inzwischen \u00fcber 20 gef\u00f6rderten Steckersolarger\u00e4ten<\/a> das es geht, doch andere T\u00fcftler und Experten auf dem Gebiet gehen hier noch weiter. So ist es mit technischer Raffinesse inzwischen durchaus machbar, dass <strong>bis zu 3.800 Watt Solarleistung an eine Steckdose (?!)<\/strong> angeschlossen werden kann. Wie das funktionieren soll zeigt eine <a href=\"https:\/\/www.ready2plugin.com\/was-ist-ready2plugin\" target=\"_blank\" rel=\"noopener\">durch Crowdfunding finanzierte Initiative der Firma indielux GmbH<\/a>. Die Herausforderungen f\u00fcr einen erfolgreichen Produktionsstart und den Vertrieb sind sicher nicht einfach. <strong>Wir dr\u00fccken der ready2plugin &#8211; Initiative die Daumen und berichten.<\/strong><\/p>\n","protected":false},"excerpt":{"rendered":"<p>Am 14. August 2022 hat der WNV auf dem Mechernicher Brunnenfest \u00fcber Steckersolarger\u00e4te \/ Balkonkraftwerke informiert. WNV &#8211; Stand Mechernicher Brunnenfest 2022 Bei hei\u00dfen Temperaturen von \u00fcber 30 Grad interessierten <a href=\"https:\/\/wnv.nen-info.de\/index.php\/ready-2-plugin\/2022\/08\/16\/36366\/\" class=\"more-link\">[&#8230;]<\/a><\/p>\n","protected":false},"author":1,"featured_media":36365,"comment_status":"closed","ping_status":"closed","sticky":false,"template":"","format":"standard","meta":{"Layout":"","footnotes":""},"categories":[14,13],"tags":[20,29],"class_list":["entry","author-honiko","post-36366","post","type-post","status-publish","format-standard","has-post-thumbnail","category-stecker-solar-geraete","category-stromproduktion","tag-balkonkraftwerk","tag-steckersolargeraet"],"_links":{"self":[{"href":"https:\/\/wnv.nen-info.de\/index.php\/wp-json\/wp\/v2\/posts\/36366","targetHints":{"allow":["GET"]}}],"collection":[{"href":"https:\/\/wnv.nen-info.de\/index.php\/wp-json\/wp\/v2\/posts"}],"about":[{"href":"https:\/\/wnv.nen-info.de\/index.php\/wp-json\/wp\/v2\/types\/post"}],"author":[{"embeddable":true,"href":"https:\/\/wnv.nen-info.de\/index.php\/wp-json\/wp\/v2\/users\/1"}],"replies":[{"embeddable":true,"href":"https:\/\/wnv.nen-info.de\/index.php\/wp-json\/wp\/v2\/comments?post=36366"}],"version-history":[{"count":6,"href":"https:\/\/wnv.nen-info.de\/index.php\/wp-json\/wp\/v2\/posts\/36366\/revisions"}],"predecessor-version":[{"id":36394,"href":"https:\/\/wnv.nen-info.de\/index.php\/wp-json\/wp\/v2\/posts\/36366\/revisions\/36394"}],"wp:featuredmedia":[{"embeddable":true,"href":"https:\/\/wnv.nen-info.de\/index.php\/wp-json\/wp\/v2\/media\/36365"}],"wp:attachment":[{"href":"https:\/\/wnv.nen-info.de\/index.php\/wp-json\/wp\/v2\/media?parent=36366"}],"wp:term":[{"taxonomy":"category","embeddable":true,"href":"https:\/\/wnv.nen-info.de\/index.php\/wp-json\/wp\/v2\/categories?post=36366"},{"taxonomy":"post_tag","embeddable":true,"href":"https:\/\/wnv.nen-info.de\/index.php\/wp-json\/wp\/v2\/tags?post=36366"}],"curies":[{"name":"wp","href":"https:\/\/api.w.org\/{rel}","templated":true}]}}