{"id":253,"date":"2017-12-19T22:44:08","date_gmt":"2017-12-19T21:44:08","guid":{"rendered":"https:\/\/wnv.nen-info.de\/?p=253"},"modified":"2017-12-19T23:31:12","modified_gmt":"2017-12-19T22:31:12","slug":"balkonkraftwerke-duerfen-nun-im-eigenen-haushalt-betrieben-werden","status":"publish","type":"post","link":"https:\/\/wnv.nen-info.de\/index.php\/balkonkraftwerke-duerfen-nun-im-eigenen-haushalt-betrieben-werden\/2017\/12\/19\/253\/","title":{"rendered":"&#8222;Balkonkraftwerke&#8220; d\u00fcrfen nun im eigenen Haushalt betrieben werden"},"content":{"rendered":"<p>Das ist verk\u00fcrzt dargestellt das Ergebnis eines jahrelang andauernden Streits zwischen vermeintlich besorgten Experten f\u00fcr Elektrotechnik und engagierten Vertretern f\u00fcr den Einsatz von erneuerbarer Energie in Form von \u201eStecker-Solar-Ger\u00e4ten\u201c. Ausf\u00fchrlichere und spannende Infos hierzu werden auf der <a href=\"http:\/\/www.sonnenseite.com\/de\/energie\/balkonkraftwerke-buergerrecht-statt-grauzone.html\" target=\"_blank\" rel=\"noopener\">sonnenseite.com \u201eBalkonkraftwerke: B\u00fcrgerrecht statt Grauzone\u201c<\/a> oder im Film von Frank Farenski (Leben mit der Energiewende) <a href=\"https:\/\/www.youtube.com\/watch?v=p67u8fjG21E\" target=\"_blank\" rel=\"noopener\">\u201eBALKONKRAFTWERKE: MIETER D\u00dcRFEN SELBER STROM ERZEUGEN\u201c<\/a> geboten.<br \/>\nEin Schelm wer denkt \u201eWann werden in \u00e4hnlicher Art nun die ersten Kleinwindanlagen f\u00fcr das eigene Hausstromnetz angeboten?\u201c.<\/p>\n","protected":false},"excerpt":{"rendered":"<p>Das ist verk\u00fcrzt dargestellt das Ergebnis eines jahrelang andauernden Streits zwischen vermeintlich besorgten Experten f\u00fcr Elektrotechnik und engagierten Vertretern f\u00fcr den Einsatz von erneuerbarer Energie in Form von \u201eStecker-Solar-Ger\u00e4ten\u201c. Ausf\u00fchrlichere <a href=\"https:\/\/wnv.nen-info.de\/index.php\/balkonkraftwerke-duerfen-nun-im-eigenen-haushalt-betrieben-werden\/2017\/12\/19\/253\/\" class=\"more-link\">[&#8230;]<\/a><\/p>\n","protected":false},"author":2,"featured_media":0,"comment_status":"closed","ping_status":"closed","sticky":false,"template":"","format":"standard","meta":{"Layout":"","footnotes":""},"categories":[14,13],"tags":[],"class_list":["entry","author-honikos","post-253","post","type-post","status-publish","format-standard","category-stecker-solar-geraete","category-stromproduktion"],"_links":{"self":[{"href":"https:\/\/wnv.nen-info.de\/index.php\/wp-json\/wp\/v2\/posts\/253","targetHints":{"allow":["GET"]}}],"collection":[{"href":"https:\/\/wnv.nen-info.de\/index.php\/wp-json\/wp\/v2\/posts"}],"about":[{"href":"https:\/\/wnv.nen-info.de\/index.php\/wp-json\/wp\/v2\/types\/post"}],"author":[{"embeddable":true,"href":"https:\/\/wnv.nen-info.de\/index.php\/wp-json\/wp\/v2\/users\/2"}],"replies":[{"embeddable":true,"href":"https:\/\/wnv.nen-info.de\/index.php\/wp-json\/wp\/v2\/comments?post=253"}],"version-history":[{"count":3,"href":"https:\/\/wnv.nen-info.de\/index.php\/wp-json\/wp\/v2\/posts\/253\/revisions"}],"predecessor-version":[{"id":256,"href":"https:\/\/wnv.nen-info.de\/index.php\/wp-json\/wp\/v2\/posts\/253\/revisions\/256"}],"wp:attachment":[{"href":"https:\/\/wnv.nen-info.de\/index.php\/wp-json\/wp\/v2\/media?parent=253"}],"wp:term":[{"taxonomy":"category","embeddable":true,"href":"https:\/\/wnv.nen-info.de\/index.php\/wp-json\/wp\/v2\/categories?post=253"},{"taxonomy":"post_tag","embeddable":true,"href":"https:\/\/wnv.nen-info.de\/index.php\/wp-json\/wp\/v2\/tags?post=253"}],"curies":[{"name":"wp","href":"https:\/\/api.w.org\/{rel}","templated":true}]}}